{"id":301,"date":"2021-09-06T19:04:34","date_gmt":"2021-09-06T17:04:34","guid":{"rendered":"http:\/\/isabelle.rochemars.free.fr\/?p=301"},"modified":"2025-09-27T15:01:05","modified_gmt":"2025-09-27T13:01:05","slug":"microscopiques-reliques2-exposition-au-musee-des-tapisseries-daix-en-provence-du-13-septembre-au-7-novembre-2021","status":"publish","type":"post","link":"https:\/\/isabellerochemars.fr\/?p=301","title":{"rendered":"Microscopiques reliques #2"},"content":{"rendered":"\n<p><\/p>\n\n\n\n<p>Exposition personnelle au&nbsp;<a rel=\"noreferrer noopener\" href=\"http:\/\/www.aixenprovence.fr\/Musee-des-Tapisseries\" target=\"_blank\">Mus\u00e9e des Tapisseries<\/a>&nbsp;\/ Mus\u00e9um d\u2019Histoire Naturelle<\/p>\n\n\n\n<p>Du 13 septembre au 7 novembre 2021 \/ Aix-en-Provence (13)<\/p>\n\n\n\n<hr class=\"wp-block-separator\"\/>\n\n\n\n<p>Interview d&rsquo;Isabelle RocheMars sur <a rel=\"noreferrer noopener\" href=\"http:\/\/www.radiogrenouille.com\" target=\"_blank\">Radio Grenouille<\/a>, dans le cadre de la Nuit Europ\u00e9enne des Chercheurs 2021<\/p>\n\n\n\n<hr class=\"wp-block-separator\"\/>\n\n\n\n<figure class=\"wp-block-image size-full\"><img loading=\"lazy\" width=\"640\" height=\"427\" src=\"https:\/\/isabellerochemars.fr\/wp-content\/uploads\/2021\/09\/JV9A2167.jpeg\" alt=\"\" class=\"wp-image-394\" srcset=\"https:\/\/isabellerochemars.fr\/wp-content\/uploads\/2021\/09\/JV9A2167.jpeg 640w, https:\/\/isabellerochemars.fr\/wp-content\/uploads\/2021\/09\/JV9A2167-300x200.jpeg 300w\" sizes=\"(max-width: 640px) 100vw, 640px\" \/><\/figure>\n\n\n\n<p>La notion de r\u00e9alit\u00e9 invisible est un pivot dans le travail d\u2019Isabelle RocheMars, d\u00e9j\u00e0 questionn\u00e9 notamment dans un travail pr\u00e9c\u00e9dent \u00ab Les Reliquaires \u00bb.<\/p>\n\n\n\n<p>Les exosquelettes de diatom\u00e9es vus au microscope ressemblent \u00e0 de minuscules boites. Isabelle RocheMars peint avec des diatom\u00e9es qui sont utilis\u00e9es comme pigment sur fond noir. Elle s\u2019inspire de leur forme et les met en sc\u00e8ne dans des cadres de bois o\u00f9 elles s\u2019animent, s\u2019\u00e9chappent, r\u00e9apparaissent, \u00e0 la mani\u00e8re d\u2019observations au microscope, lorsqu\u2019on explore l\u2019infiniment petit.<\/p>\n\n\n\n<p>Le fond noir nous emm\u00e8ne dans une autre dimension, peut \u00eatre celle de l\u2019infiniment grand. Il y a quelque chose de fascinant \u00e0 chercher des formes qui bien qu\u2019invisibles existent abondamment, et c\u2019est un questionnement merveilleux.<\/p>\n\n\n\n<figure class=\"wp-block-image size-large\"><img loading=\"lazy\" width=\"724\" height=\"1024\" src=\"https:\/\/isabellerochemars.fr\/wp-content\/uploads\/2021\/09\/2021_Recto_Affiche-724x1024.jpg\" alt=\"\" class=\"wp-image-332\" srcset=\"https:\/\/isabellerochemars.fr\/wp-content\/uploads\/2021\/09\/2021_Recto_Affiche-724x1024.jpg 724w, https:\/\/isabellerochemars.fr\/wp-content\/uploads\/2021\/09\/2021_Recto_Affiche-212x300.jpg 212w, https:\/\/isabellerochemars.fr\/wp-content\/uploads\/2021\/09\/2021_Recto_Affiche-768x1086.jpg 768w\" sizes=\"(max-width: 724px) 100vw, 724px\" \/><\/figure>\n\n\n\n<figure class=\"wp-block-image size-large\"><img loading=\"lazy\" width=\"1024\" height=\"724\" src=\"https:\/\/isabellerochemars.fr\/wp-content\/uploads\/2021\/09\/Depliant_3-2-1024x724.jpg\" alt=\"\" class=\"wp-image-348\" srcset=\"https:\/\/isabellerochemars.fr\/wp-content\/uploads\/2021\/09\/Depliant_3-2-1024x724.jpg 1024w, https:\/\/isabellerochemars.fr\/wp-content\/uploads\/2021\/09\/Depliant_3-2-300x212.jpg 300w, https:\/\/isabellerochemars.fr\/wp-content\/uploads\/2021\/09\/Depliant_3-2-768x543.jpg 768w\" sizes=\"(max-width: 1024px) 100vw, 1024px\" \/><\/figure>\n\n\n\n<figure class=\"wp-block-image size-large\"><img loading=\"lazy\" width=\"724\" height=\"1024\" src=\"https:\/\/isabellerochemars.fr\/wp-content\/uploads\/2021\/09\/Depliant_2-2-724x1024.jpg\" alt=\"\" class=\"wp-image-346\" srcset=\"https:\/\/isabellerochemars.fr\/wp-content\/uploads\/2021\/09\/Depliant_2-2-724x1024.jpg 724w, https:\/\/isabellerochemars.fr\/wp-content\/uploads\/2021\/09\/Depliant_2-2-212x300.jpg 212w, https:\/\/isabellerochemars.fr\/wp-content\/uploads\/2021\/09\/Depliant_2-2-768x1086.jpg 768w\" sizes=\"(max-width: 724px) 100vw, 724px\" \/><\/figure>\n","protected":false},"excerpt":{"rendered":"<p>Exposition personnelle au&nbsp;Mus\u00e9e des Tapisseries&nbsp;\/ Mus\u00e9um d\u2019Histoire Naturelle Du 13 septembre au 7 novembre 2021 \/ Aix-en-Provence (13) Interview d&rsquo;Isabelle RocheMars sur Radio Grenouille, dans le cadre de la Nuit Europ\u00e9enne des Chercheurs 2021 La notion de r\u00e9alit\u00e9 invisible est un pivot dans le travail d\u2019Isabelle RocheMars, d\u00e9j\u00e0 questionn\u00e9 notamment dans un travail pr\u00e9c\u00e9dent \u00ab<\/p>\n<p class=\"more-link-wrapper\"><a href=\"https:\/\/isabellerochemars.fr\/?p=301\" class=\"more-link\">Continue Reading<span class=\"screen-reader-text\"> \u00ab\u00a0Microscopiques reliques #2\u00a0\u00bb<\/span><\/a><\/p>\n","protected":false},"author":1,"featured_media":406,"comment_status":"closed","ping_status":"closed","sticky":false,"template":"","format":"standard","meta":[],"categories":[2],"tags":[],"_links":{"self":[{"href":"https:\/\/isabellerochemars.fr\/index.php?rest_route=\/wp\/v2\/posts\/301"}],"collection":[{"href":"https:\/\/isabellerochemars.fr\/index.php?rest_route=\/wp\/v2\/posts"}],"about":[{"href":"https:\/\/isabellerochemars.fr\/index.php?rest_route=\/wp\/v2\/types\/post"}],"author":[{"embeddable":true,"href":"https:\/\/isabellerochemars.fr\/index.php?rest_route=\/wp\/v2\/users\/1"}],"replies":[{"embeddable":true,"href":"https:\/\/isabellerochemars.fr\/index.php?rest_route=%2Fwp%2Fv2%2Fcomments&post=301"}],"version-history":[{"count":15,"href":"https:\/\/isabellerochemars.fr\/index.php?rest_route=\/wp\/v2\/posts\/301\/revisions"}],"predecessor-version":[{"id":516,"href":"https:\/\/isabellerochemars.fr\/index.php?rest_route=\/wp\/v2\/posts\/301\/revisions\/516"}],"wp:featuredmedia":[{"embeddable":true,"href":"https:\/\/isabellerochemars.fr\/index.php?rest_route=\/wp\/v2\/media\/406"}],"wp:attachment":[{"href":"https:\/\/isabellerochemars.fr\/index.php?rest_route=%2Fwp%2Fv2%2Fmedia&parent=301"}],"wp:term":[{"taxonomy":"category","embeddable":true,"href":"https:\/\/isabellerochemars.fr\/index.php?rest_route=%2Fwp%2Fv2%2Fcategories&post=301"},{"taxonomy":"post_tag","embeddable":true,"href":"https:\/\/isabellerochemars.fr\/index.php?rest_route=%2Fwp%2Fv2%2Ftags&post=301"}],"curies":[{"name":"wp","href":"https:\/\/api.w.org\/{rel}","templated":true}]}}