{"id":206,"date":"2019-04-18T18:16:28","date_gmt":"2019-04-18T16:16:28","guid":{"rendered":"http:\/\/isabelle.rochemars.free.fr\/?p=206"},"modified":"2025-09-27T14:58:14","modified_gmt":"2025-09-27T12:58:14","slug":"recyclages","status":"publish","type":"post","link":"https:\/\/isabellerochemars.fr\/?p=206","title":{"rendered":"Recyclages"},"content":{"rendered":"\n<h4>2018 \/ Espace Culturel de La Laiterie \/ Cadenet (84)<\/h4>\n\n\n\n<p>Exposition collective autour du recyclage dans l&rsquo;art.<\/p>\n\n\n\n<figure class=\"wp-block-image\"><img loading=\"lazy\" width=\"1024\" height=\"768\" src=\"https:\/\/isabellerochemars.fr\/wp-content\/uploads\/2019\/04\/laiterie_4-1024x768.jpg\" alt=\"\" class=\"wp-image-106\" srcset=\"https:\/\/isabellerochemars.fr\/wp-content\/uploads\/2019\/04\/laiterie_4-1024x768.jpg 1024w, https:\/\/isabellerochemars.fr\/wp-content\/uploads\/2019\/04\/laiterie_4-300x225.jpg 300w, https:\/\/isabellerochemars.fr\/wp-content\/uploads\/2019\/04\/laiterie_4-768x576.jpg 768w\" sizes=\"(max-width: 1024px) 100vw, 1024px\" \/><figcaption><strong><em>Soleils citrons<\/em><\/strong>(citrons s\u00e9ch\u00e9s, cosses de girofl\u00e9es, cintre et fil dor\u00e9) <\/figcaption><\/figure>\n\n\n\n<figure class=\"wp-block-image\"><img loading=\"lazy\" width=\"1024\" height=\"768\" src=\"https:\/\/isabellerochemars.fr\/wp-content\/uploads\/2019\/04\/laiterie_2-1024x768.jpg\" alt=\"\" class=\"wp-image-105\" srcset=\"https:\/\/isabellerochemars.fr\/wp-content\/uploads\/2019\/04\/laiterie_2-1024x768.jpg 1024w, https:\/\/isabellerochemars.fr\/wp-content\/uploads\/2019\/04\/laiterie_2-300x225.jpg 300w, https:\/\/isabellerochemars.fr\/wp-content\/uploads\/2019\/04\/laiterie_2-768x576.jpg 768w\" sizes=\"(max-width: 1024px) 100vw, 1024px\" \/><figcaption><strong> <\/strong><em><strong>Sept fleurs<\/strong><\/em><strong> <\/strong>(vieux livres et hortensias s\u00e9ch\u00e9s) <\/figcaption><\/figure>\n\n\n\n<figure class=\"wp-block-image\"><img loading=\"lazy\" width=\"1024\" height=\"682\" src=\"https:\/\/isabellerochemars.fr\/wp-content\/uploads\/2019\/04\/chateau_3_red-1024x682.jpg\" alt=\"\" class=\"wp-image-155\" srcset=\"https:\/\/isabellerochemars.fr\/wp-content\/uploads\/2019\/04\/chateau_3_red-1024x682.jpg 1024w, https:\/\/isabellerochemars.fr\/wp-content\/uploads\/2019\/04\/chateau_3_red-300x200.jpg 300w, https:\/\/isabellerochemars.fr\/wp-content\/uploads\/2019\/04\/chateau_3_red-768x512.jpg 768w, https:\/\/isabellerochemars.fr\/wp-content\/uploads\/2019\/04\/chateau_3_red-1200x800.jpg 1200w\" sizes=\"(max-width: 1024px) 100vw, 1024px\" \/><figcaption> <em><strong>L\u2019oiseau<\/strong><\/em><strong> <\/strong>(sacs en plastique fondus au fer \u00e0 repasser) mis en sc\u00e8ne dans la nature<\/figcaption><\/figure>\n","protected":false},"excerpt":{"rendered":"<p>2018 \/ Espace Culturel de La Laiterie \/ Cadenet (84) Exposition collective autour du recyclage dans l&rsquo;art.<\/p>\n","protected":false},"author":1,"featured_media":106,"comment_status":"closed","ping_status":"closed","sticky":false,"template":"","format":"standard","meta":[],"categories":[11],"tags":[23,24],"_links":{"self":[{"href":"https:\/\/isabellerochemars.fr\/index.php?rest_route=\/wp\/v2\/posts\/206"}],"collection":[{"href":"https:\/\/isabellerochemars.fr\/index.php?rest_route=\/wp\/v2\/posts"}],"about":[{"href":"https:\/\/isabellerochemars.fr\/index.php?rest_route=\/wp\/v2\/types\/post"}],"author":[{"embeddable":true,"href":"https:\/\/isabellerochemars.fr\/index.php?rest_route=\/wp\/v2\/users\/1"}],"replies":[{"embeddable":true,"href":"https:\/\/isabellerochemars.fr\/index.php?rest_route=%2Fwp%2Fv2%2Fcomments&post=206"}],"version-history":[{"count":1,"href":"https:\/\/isabellerochemars.fr\/index.php?rest_route=\/wp\/v2\/posts\/206\/revisions"}],"predecessor-version":[{"id":207,"href":"https:\/\/isabellerochemars.fr\/index.php?rest_route=\/wp\/v2\/posts\/206\/revisions\/207"}],"wp:featuredmedia":[{"embeddable":true,"href":"https:\/\/isabellerochemars.fr\/index.php?rest_route=\/wp\/v2\/media\/106"}],"wp:attachment":[{"href":"https:\/\/isabellerochemars.fr\/index.php?rest_route=%2Fwp%2Fv2%2Fmedia&parent=206"}],"wp:term":[{"taxonomy":"category","embeddable":true,"href":"https:\/\/isabellerochemars.fr\/index.php?rest_route=%2Fwp%2Fv2%2Fcategories&post=206"},{"taxonomy":"post_tag","embeddable":true,"href":"https:\/\/isabellerochemars.fr\/index.php?rest_route=%2Fwp%2Fv2%2Ftags&post=206"}],"curies":[{"name":"wp","href":"https:\/\/api.w.org\/{rel}","templated":true}]}}