{"id":192,"date":"2019-04-18T17:52:31","date_gmt":"2019-04-18T15:52:31","guid":{"rendered":"http:\/\/isabelle.rochemars.free.fr\/?p=192"},"modified":"2025-09-27T14:58:16","modified_gmt":"2025-09-27T12:58:16","slug":"promenons-nous-dans-les-bois","status":"publish","type":"post","link":"https:\/\/isabellerochemars.fr\/?p=192","title":{"rendered":"Promenons-nous dans les bois"},"content":{"rendered":"\n<h4>2010<\/h4>\n\n\n\n<p>La f\u00e9e Hi-Glam est peinte dans la silhouette d\u2019une poup\u00e9e B de catalogue et les Dracs ont squatt\u00e9 la silhouette de petites figurines jouets \u00e0 collectionner. <\/p>\n\n\n\n<p>Exposition collective organis\u00e9e par <em>Dr\u00f4les d\u2019artistes<\/em> \/ Ch\u00e2teau des Barrenques \/ Lamotte-du-Rh\u00f4ne (84) <\/p>\n\n\n\n<div class=\"wp-block-image\"><figure class=\"aligncenter\"><img loading=\"lazy\" width=\"534\" height=\"800\" src=\"https:\/\/isabellerochemars.fr\/wp-content\/uploads\/2019\/04\/promenons_nous_1.jpg\" alt=\"\" class=\"wp-image-118\" srcset=\"https:\/\/isabellerochemars.fr\/wp-content\/uploads\/2019\/04\/promenons_nous_1.jpg 534w, https:\/\/isabellerochemars.fr\/wp-content\/uploads\/2019\/04\/promenons_nous_1-200x300.jpg 200w\" sizes=\"(max-width: 534px) 100vw, 534px\" \/><figcaption>Installation de la F\u00e9e Hi-Glam<\/figcaption><\/figure><\/div>\n\n\n\n<figure class=\"wp-block-image\"><img loading=\"lazy\" width=\"800\" height=\"534\" src=\"https:\/\/isabellerochemars.fr\/wp-content\/uploads\/2019\/04\/promenons_nous_3.jpg\" alt=\"\" class=\"wp-image-119\" srcset=\"https:\/\/isabellerochemars.fr\/wp-content\/uploads\/2019\/04\/promenons_nous_3.jpg 800w, https:\/\/isabellerochemars.fr\/wp-content\/uploads\/2019\/04\/promenons_nous_3-300x200.jpg 300w, https:\/\/isabellerochemars.fr\/wp-content\/uploads\/2019\/04\/promenons_nous_3-768x513.jpg 768w\" sizes=\"(max-width: 800px) 100vw, 800px\" \/><figcaption>Les Dracs<\/figcaption><\/figure>\n\n\n\n<figure class=\"wp-block-image\"><img loading=\"lazy\" width=\"800\" height=\"534\" src=\"https:\/\/isabellerochemars.fr\/wp-content\/uploads\/2019\/04\/promenons_nous_4.jpg\" alt=\"\" class=\"wp-image-120\" srcset=\"https:\/\/isabellerochemars.fr\/wp-content\/uploads\/2019\/04\/promenons_nous_4.jpg 800w, https:\/\/isabellerochemars.fr\/wp-content\/uploads\/2019\/04\/promenons_nous_4-300x200.jpg 300w, https:\/\/isabellerochemars.fr\/wp-content\/uploads\/2019\/04\/promenons_nous_4-768x513.jpg 768w\" sizes=\"(max-width: 800px) 100vw, 800px\" \/><\/figure>\n","protected":false},"excerpt":{"rendered":"<p>2010 La f\u00e9e Hi-Glam est peinte dans la silhouette d\u2019une poup\u00e9e B de catalogue et les Dracs ont squatt\u00e9 la silhouette de petites figurines jouets \u00e0 collectionner. Exposition collective organis\u00e9e par Dr\u00f4les d\u2019artistes \/ Ch\u00e2teau des Barrenques \/ Lamotte-du-Rh\u00f4ne (84)<\/p>\n","protected":false},"author":1,"featured_media":120,"comment_status":"closed","ping_status":"closed","sticky":false,"template":"","format":"standard","meta":[],"categories":[11,3],"tags":[14,5],"_links":{"self":[{"href":"https:\/\/isabellerochemars.fr\/index.php?rest_route=\/wp\/v2\/posts\/192"}],"collection":[{"href":"https:\/\/isabellerochemars.fr\/index.php?rest_route=\/wp\/v2\/posts"}],"about":[{"href":"https:\/\/isabellerochemars.fr\/index.php?rest_route=\/wp\/v2\/types\/post"}],"author":[{"embeddable":true,"href":"https:\/\/isabellerochemars.fr\/index.php?rest_route=\/wp\/v2\/users\/1"}],"replies":[{"embeddable":true,"href":"https:\/\/isabellerochemars.fr\/index.php?rest_route=%2Fwp%2Fv2%2Fcomments&post=192"}],"version-history":[{"count":1,"href":"https:\/\/isabellerochemars.fr\/index.php?rest_route=\/wp\/v2\/posts\/192\/revisions"}],"predecessor-version":[{"id":193,"href":"https:\/\/isabellerochemars.fr\/index.php?rest_route=\/wp\/v2\/posts\/192\/revisions\/193"}],"wp:featuredmedia":[{"embeddable":true,"href":"https:\/\/isabellerochemars.fr\/index.php?rest_route=\/wp\/v2\/media\/120"}],"wp:attachment":[{"href":"https:\/\/isabellerochemars.fr\/index.php?rest_route=%2Fwp%2Fv2%2Fmedia&parent=192"}],"wp:term":[{"taxonomy":"category","embeddable":true,"href":"https:\/\/isabellerochemars.fr\/index.php?rest_route=%2Fwp%2Fv2%2Fcategories&post=192"},{"taxonomy":"post_tag","embeddable":true,"href":"https:\/\/isabellerochemars.fr\/index.php?rest_route=%2Fwp%2Fv2%2Ftags&post=192"}],"curies":[{"name":"wp","href":"https:\/\/api.w.org\/{rel}","templated":true}]}}